{"id":11080,"global_id":"dasgesundheitswesen.de\/2025?id=11080","global_id_lineage":["dasgesundheitswesen.de\/2025?id=11080"],"author":"1","status":"publish","date":"2025-09-01 14:49:16","date_utc":"2025-09-01 12:49:16","modified":"2025-09-09 01:35:33","modified_utc":"2025-09-08 23:35:33","url":"https:\/\/dasgesundheitswesen.de\/2025\/seminare\/grundwissen-m-medizin-kompakt-verstaendlich-praxisna-3tage-intensivkurs\/","rest_url":"https:\/\/dasgesundheitswesen.de\/2025\/wp-json\/tribe\/events\/v1\/events\/11080","title":"Grundwissen Medizin: kompakt, verst\u00e4ndlich, praxisnah | 3-Tage Intensivkurs","description":"<p>\u00ab Zur\u00fcck zur Kurs\u00fcbersicht\t\t\t\t<\/p>\n<h2  >\n\tGrundwissen Medizin: kompakt, verst\u00e4ndlich, praxisnah | 3-Tage Intensivkurs<\/h2>\n<h6>Datum und Uhrzeit:<\/h6>\n<p  >\n\t\t\t28. Oktober 2025<br \/>\n\t  &#8211;<br \/>\n9:00 Uhr<br \/>\n\t &nbsp;bis&nbsp;<br \/>\n\t30. Oktober 2025<br \/>\n\t  &#8211;<br \/>\n12:30 Uhr\n\t<\/p>\n<h6>Teilnahmegeb\u00fchr:<\/h6>\n<p>599,00 \u20ac<\/p>\n<p>Preis zzgl. MwSt.<\/p>\n<h6>Veranstaltungsort:<\/h6>\n<p>Online<\/p>\n<h4>Was erwartet Sie?<\/h4>\n<h6>Alles, was Sie wissen m\u00fcssen, auf einen Blick<\/h6>\n<details id=\"e-n-accordion-item-9790\" open>\n<summary data-accordion-index=\"1\" tabindex=\"0\" aria-expanded=\"true\" aria-controls=\"e-n-accordion-item-9790\" >\n\t\t\t\t\t Allgemeines<br \/>\n\t\t\t<svg aria-hidden=\"true\" viewBox=\"0 0 448 512\" xmlns=\"http:\/\/www.w3.org\/2000\/svg\"><path d=\"M416 208H32c-17.67 0-32 14.33-32 32v32c0 17.67 14.33 32 32 32h384c17.67 0 32-14.33 32-32v-32c0-17.67-14.33-32-32-32z\"><\/path><\/svg><br \/>\n\t\t\t<svg aria-hidden=\"true\" viewBox=\"0 0 448 512\" xmlns=\"http:\/\/www.w3.org\/2000\/svg\"><path d=\"M416 208H272V64c0-17.67-14.33-32-32-32h-32c-17.67 0-32 14.33-32 32v144H32c-17.67 0-32 14.33-32 32v32c0 17.67 14.33 32 32 32h144v144c0 17.67 14.33 32 32 32h32c17.67 0 32-14.33 32-32V304h144c17.67 0 32-14.33 32-32v-32c0-17.67-14.33-32-32-32z\"><\/path><\/svg><br \/>\n\t\t\t\t\t\t<\/summary>\n<ul>\n<li>3-t\u00e4giger <strong>Online-Kompaktkurs\u00a0<\/strong>an drei Vormittagen\n<ul>\n<li>jeweils von 09:00 bis 12:30 Uhr<\/li>\n<\/ul>\n<\/li>\n<\/ul>\n<p><strong>Ihre Vorteile:<\/strong><\/p>\n<ul>\n<li>Sie bekommen fundierte Grundlagen der Medizin anhand praxisnaher Beispiele aus den wesentlichen medizinischen Bereichen wie der Inneren Medizin, Chirurgie, Gyn\u00e4kologie, Onkologie, Neurologie und Orthop\u00e4die und Unfallchirurgie.<\/li>\n<li>Sie erfahren die Zusammenh\u00e4nge fach\u00fcbergreifender Themen aus Diagnostik und Therapie.<\/li>\n<li><strong>Sparen Sie Geld<\/strong> &#8211; Bei gleichzeitiger Anmeldung zum Seminar\u00a0\u201e<a href=\"https:\/\/fortbildung.dasgesundheitswesen.de\/events\/kodierfachkraft-im-drg-system-5-tage-kompaktkurs\/\">Kodierfachkraft im DRG-System | 7-Tage Kompaktkurs<\/a>\u201c wird ein Rabatt in H\u00f6he von 15% auf den Nettobetrag beider Kurse gew\u00e4hrt (der Rabatt wird nach der Buchung auf der Rechnung abgezogen).<\/li>\n<\/ul>\n<\/details>\n<details id=\"e-n-accordion-item-9791\" >\n<summary data-accordion-index=\"2\" tabindex=\"-1\" aria-expanded=\"false\" aria-controls=\"e-n-accordion-item-9791\" >\n\t\t\t\t\t Schwerpunkte<br \/>\n\t\t\t<svg aria-hidden=\"true\" viewBox=\"0 0 448 512\" xmlns=\"http:\/\/www.w3.org\/2000\/svg\"><path d=\"M416 208H32c-17.67 0-32 14.33-32 32v32c0 17.67 14.33 32 32 32h384c17.67 0 32-14.33 32-32v-32c0-17.67-14.33-32-32-32z\"><\/path><\/svg><br \/>\n\t\t\t<svg aria-hidden=\"true\" viewBox=\"0 0 448 512\" xmlns=\"http:\/\/www.w3.org\/2000\/svg\"><path d=\"M416 208H272V64c0-17.67-14.33-32-32-32h-32c-17.67 0-32 14.33-32 32v144H32c-17.67 0-32 14.33-32 32v32c0 17.67 14.33 32 32 32h144v144c0 17.67 14.33 32 32 32h32c17.67 0 32-14.33 32-32V304h144c17.67 0 32-14.33 32-32v-32c0-17.67-14.33-32-32-32z\"><\/path><\/svg><br \/>\n\t\t\t\t\t\t<\/summary>\n<ul>\n<li>Einf\u00fchrung in die medizinische Terminologie<\/li>\n<li>Grundlagen der Anatomie, Physiologie und Pathophysiologie des menschlichen K\u00f6rpers, allgemeine Krankheitslehre<\/li>\n<li>Spezielle Krankheitslehre, z. B.\n<ul>\n<li>Erkrankungen des Herzens und des Gef\u00e4\u00df- und Kreislaufsystems<\/li>\n<li>Erkrankungen des Blutes und der blutbildenden Organe<\/li>\n<li>Erkrankungen der Atemwege und der Lunge<\/li>\n<li>Erkrankungen des Verdauungssystems und des Stoffwechsels<\/li>\n<li>Erkrankungen der Niere und der Harnwege<\/li>\n<li>Erkrankungen des Nervensystems<\/li>\n<li>Erkrankungen des Bewegungsapparates<\/li>\n<li>Ausgew\u00e4hlte Tumorerkrankungen<\/li>\n<li>Ausgew\u00e4hlte Infektionskrankheiten und Grundlagen der Hygiene<\/li>\n<\/ul>\n<\/li>\n<li>Grundlagen der bildgebenden Verfahren<\/li>\n<li>Grundlagen der medikament\u00f6sen Therapie<\/li>\n<li>Interprofessionelle Zusammenarbeit im Krankenhaus<\/li>\n<\/ul>\n<\/details>\n<details id=\"e-n-accordion-item-9792\" >\n<summary data-accordion-index=\"3\" tabindex=\"-1\" aria-expanded=\"false\" aria-controls=\"e-n-accordion-item-9792\" >\n\t\t\t\t\t Zielsetzung<br \/>\n\t\t\t<svg aria-hidden=\"true\" viewBox=\"0 0 448 512\" xmlns=\"http:\/\/www.w3.org\/2000\/svg\"><path d=\"M416 208H32c-17.67 0-32 14.33-32 32v32c0 17.67 14.33 32 32 32h384c17.67 0 32-14.33 32-32v-32c0-17.67-14.33-32-32-32z\"><\/path><\/svg><br \/>\n\t\t\t<svg aria-hidden=\"true\" viewBox=\"0 0 448 512\" xmlns=\"http:\/\/www.w3.org\/2000\/svg\"><path d=\"M416 208H272V64c0-17.67-14.33-32-32-32h-32c-17.67 0-32 14.33-32 32v144H32c-17.67 0-32 14.33-32 32v32c0 17.67 14.33 32 32 32h144v144c0 17.67 14.33 32 32 32h32c17.67 0 32-14.33 32-32V304h144c17.67 0 32-14.33 32-32v-32c0-17.67-14.33-32-32-32z\"><\/path><\/svg><br \/>\n\t\t\t\t\t\t<\/summary>\n<p>Sie sind im Gesundheitswesen t\u00e4tig, haben jedoch geringe oder keine medizinischen Vorkenntnisse, ben\u00f6tigen diese jedoch zur besseren Bew\u00e4ltigung Ihres beruflichen Alltags. Sie arbeiten mit medizinischem Fachpersonal, z. B. in interprofessionellen Teams zusammen und m\u00f6chten die Kommunikation effektiver und effizienter gestalten.<\/p>\n<p>Dieses Online-Schulung vermittelt Ihnen an drei aufeinanderfolgenden Vormittagen kompakt, verst\u00e4ndlich, praxisnah Grundlagen der Medizin und der medizinischen Terminologie. Ein besonderer Schwerpunkt des Seminars besteht darin, den Teilnehmern Sicherheit im Umgang mit grundlegenden medizinischen Fragestellungen zu geben. Sie lernen die Denkweise, die Perspektive und die Fachsprache aus \u00e4rztlicher und pflegerischer Sicht kennen. Dies wird Ihnen die Bearbeitung von medizinischen Sachverhalten im Rahmen Ihrer beruflichen T\u00e4tigkeit erleichtern und die Kommunikation mit den medizinischen Berufsgruppen verbessern.<\/p>\n<\/details>\n<details id=\"e-n-accordion-item-9793\" >\n<summary data-accordion-index=\"4\" tabindex=\"-1\" aria-expanded=\"false\" aria-controls=\"e-n-accordion-item-9793\" >\n\t\t\t\t\t Zielgruppen<br \/>\n\t\t\t<svg aria-hidden=\"true\" viewBox=\"0 0 448 512\" xmlns=\"http:\/\/www.w3.org\/2000\/svg\"><path d=\"M416 208H32c-17.67 0-32 14.33-32 32v32c0 17.67 14.33 32 32 32h384c17.67 0 32-14.33 32-32v-32c0-17.67-14.33-32-32-32z\"><\/path><\/svg><br \/>\n\t\t\t<svg aria-hidden=\"true\" viewBox=\"0 0 448 512\" xmlns=\"http:\/\/www.w3.org\/2000\/svg\"><path d=\"M416 208H272V64c0-17.67-14.33-32-32-32h-32c-17.67 0-32 14.33-32 32v144H32c-17.67 0-32 14.33-32 32v32c0 17.67 14.33 32 32 32h144v144c0 17.67 14.33 32 32 32h32c17.67 0 32-14.33 32-32V304h144c17.67 0 32-14.33 32-32v-32c0-17.67-14.33-32-32-32z\"><\/path><\/svg><br \/>\n\t\t\t\t\t\t<\/summary>\n<p><strong>F\u00fcr wen ist der Kurs geeignet?<\/strong><\/p>\n<p>Dieser Workshop richtet sich an Besch\u00e4ftigte im Gesundheitswesen, die geringe oder keine medizinischen Vorkenntnisse haben und diese aber f\u00fcr Ihre jeweilige berufliche T\u00e4tigkeit ben\u00f6tigen. Dies betrifft z. B. angehende Kodierfachkr\u00e4fte, Kaufleute im Gesundheitswesen, Juristen, Betriebs- und Volkswirte, Ingenieure, Politologen, Sozialversicherungsfachangestellte und andere Berufsgruppen, f\u00fcr die praxisnahe und fundierte Basiskenntnisse medizinischer Zusammenh\u00e4nge f\u00fcr ihren beruflichen Alltag notwendig sind.<\/p>\n<p>Sie haben Interesse und sind sich nicht sicher, ob dies das richtige Seminar f\u00fcr Sie ist? Kontaktieren sie uns einfach \u00fcber unser <a href=\"https:\/\/fortbildung.dasgesundheitswesen.de\/kontakt\/\">Kontaktformular<\/a> und wir beraten Sie gern!<\/p>\n<\/details>\n<details id=\"e-n-accordion-item-9794\" >\n<summary data-accordion-index=\"5\" tabindex=\"-1\" aria-expanded=\"false\" aria-controls=\"e-n-accordion-item-9794\" >\n\t\t\t\t\t Referenten<br \/>\n\t\t\t<svg aria-hidden=\"true\" viewBox=\"0 0 448 512\" xmlns=\"http:\/\/www.w3.org\/2000\/svg\"><path d=\"M416 208H32c-17.67 0-32 14.33-32 32v32c0 17.67 14.33 32 32 32h384c17.67 0 32-14.33 32-32v-32c0-17.67-14.33-32-32-32z\"><\/path><\/svg><br \/>\n\t\t\t<svg aria-hidden=\"true\" viewBox=\"0 0 448 512\" xmlns=\"http:\/\/www.w3.org\/2000\/svg\"><path d=\"M416 208H272V64c0-17.67-14.33-32-32-32h-32c-17.67 0-32 14.33-32 32v144H32c-17.67 0-32 14.33-32 32v32c0 17.67 14.33 32 32 32h144v144c0 17.67 14.33 32 32 32h32c17.67 0 32-14.33 32-32V304h144c17.67 0 32-14.33 32-32v-32c0-17.67-14.33-32-32-32z\"><\/path><\/svg><br \/>\n\t\t\t\t\t\t<\/summary>\n<p>\t\t\t\t\t\t\t\t\t\t\t\t\t\t\t<img fetchpriority=\"high\" decoding=\"async\" width=\"552\" height=\"552\" src=\"https:\/\/dasgesundheitswesen.de\/2025\/wp-content\/uploads\/2025\/08\/Katrin-Franz.webp\" alt=\"\" srcset=\"https:\/\/dasgesundheitswesen.de\/2025\/wp-content\/uploads\/2025\/08\/Katrin-Franz.webp 552w, https:\/\/dasgesundheitswesen.de\/2025\/wp-content\/uploads\/2025\/08\/Katrin-Franz-300x300.webp 300w, https:\/\/dasgesundheitswesen.de\/2025\/wp-content\/uploads\/2025\/08\/Katrin-Franz-150x150.webp 150w, https:\/\/dasgesundheitswesen.de\/2025\/wp-content\/uploads\/2025\/08\/Katrin-Franz-370x370.webp 370w, https:\/\/dasgesundheitswesen.de\/2025\/wp-content\/uploads\/2025\/08\/Katrin-Franz-90x90.webp 90w, https:\/\/dasgesundheitswesen.de\/2025\/wp-content\/uploads\/2025\/08\/Katrin-Franz-410x410.webp 410w, https:\/\/dasgesundheitswesen.de\/2025\/wp-content\/uploads\/2025\/08\/Katrin-Franz-100x100.webp 100w\" sizes=\"(max-width: 767px) 100vw, 552px\" \/><br \/>\n\t\t\t\t\t\t\t\t\t<strong>Dr. med. Katrin Franz<\/strong><br \/>\u00c4rztin und examinierte Kinderkrankenschwester<br \/>Langj\u00e4hrige Dozentin f\u00fcr Seminare im Gesundheitswesen mit den Schwerpunkten Grundlagen der Medizin, Gesundheitswirtschaft, Gesundheitspolitik, Strukturen des deutschen Gesundheitswesens<br \/>\n\t\t\t\t\t<\/details>\n<ul>\n<li>3-t\u00e4giger <strong>Online-Kompaktkurs\u00a0<\/strong>an drei Vormittagen\n<ul>\n<li>jeweils von 09:00 bis 12:30 Uhr<\/li>\n<\/ul>\n<\/li>\n<\/ul>\n<p><strong>Ihre Vorteile:<\/strong><\/p>\n<ul>\n<li>Sie bekommen fundierte Grundlagen der Medizin anhand praxisnaher Beispiele aus den wesentlichen medizinischen Bereichen wie der Inneren Medizin, Chirurgie, Gyn\u00e4kologie, Onkologie, Neurologie und Orthop\u00e4die und Unfallchirurgie.<\/li>\n<li>Sie erfahren die Zusammenh\u00e4nge fach\u00fcbergreifender Themen aus Diagnostik und Therapie.<\/li>\n<li><strong>Sparen Sie Geld<\/strong> &#8211; Bei gleichzeitiger Anmeldung zum Seminar\u00a0\u201e<a href=\"https:\/\/fortbildung.dasgesundheitswesen.de\/events\/kodierfachkraft-im-drg-system-5-tage-kompaktkurs\/\">Kodierfachkraft im DRG-System | 7-Tage Kompaktkurs<\/a>\u201c wird ein Rabatt in H\u00f6he von 15% auf den Nettobetrag beider Kurse gew\u00e4hrt (der Rabatt wird nach der Buchung auf der Rechnung abgezogen).<\/li>\n<\/ul>\n<ul>\n<li>Einf\u00fchrung in die medizinische Terminologie<\/li>\n<li>Grundlagen der Anatomie, Physiologie und Pathophysiologie des menschlichen K\u00f6rpers, allgemeine Krankheitslehre<\/li>\n<li>Spezielle Krankheitslehre, z. B.\n<ul>\n<li>Erkrankungen des Herzens und des Gef\u00e4\u00df- und Kreislaufsystems<\/li>\n<li>Erkrankungen des Blutes und der blutbildenden Organe<\/li>\n<li>Erkrankungen der Atemwege und der Lunge<\/li>\n<li>Erkrankungen des Verdauungssystems und des Stoffwechsels<\/li>\n<li>Erkrankungen der Niere und der Harnwege<\/li>\n<li>Erkrankungen des Nervensystems<\/li>\n<li>Erkrankungen des Bewegungsapparates<\/li>\n<li>Ausgew\u00e4hlte Tumorerkrankungen<\/li>\n<li>Ausgew\u00e4hlte Infektionskrankheiten und Grundlagen der Hygiene<\/li>\n<\/ul>\n<\/li>\n<li>Grundlagen der bildgebenden Verfahren<\/li>\n<li>Grundlagen der medikament\u00f6sen Therapie<\/li>\n<li>Interprofessionelle Zusammenarbeit im Krankenhaus<\/li>\n<\/ul>\n<p>Sie sind im Gesundheitswesen t\u00e4tig, haben jedoch geringe oder keine medizinischen Vorkenntnisse, ben\u00f6tigen diese jedoch zur besseren Bew\u00e4ltigung Ihres beruflichen Alltags. Sie arbeiten mit medizinischem Fachpersonal, z. B. in interprofessionellen Teams zusammen und m\u00f6chten die Kommunikation effektiver und effizienter gestalten.<\/p>\n<p>Dieses Online-Schulung vermittelt Ihnen an drei aufeinanderfolgenden Vormittagen kompakt, verst\u00e4ndlich, praxisnah Grundlagen der Medizin und der medizinischen Terminologie. Ein besonderer Schwerpunkt des Seminars besteht darin, den Teilnehmern Sicherheit im Umgang mit grundlegenden medizinischen Fragestellungen zu geben. Sie lernen die Denkweise, die Perspektive und die Fachsprache aus \u00e4rztlicher und pflegerischer Sicht kennen. Dies wird Ihnen die Bearbeitung von medizinischen Sachverhalten im Rahmen Ihrer beruflichen T\u00e4tigkeit erleichtern und die Kommunikation mit den medizinischen Berufsgruppen verbessern.<\/p>\n<p><strong>F\u00fcr wen ist der Kurs geeignet?<\/strong><\/p>\n<p>Dieser Workshop richtet sich an Besch\u00e4ftigte im Gesundheitswesen, die geringe oder keine medizinischen Vorkenntnisse haben und diese aber f\u00fcr Ihre jeweilige berufliche T\u00e4tigkeit ben\u00f6tigen. Dies betrifft z. B. angehende Kodierfachkr\u00e4fte, Kaufleute im Gesundheitswesen, Juristen, Betriebs- und Volkswirte, Ingenieure, Politologen, Sozialversicherungsfachangestellte und andere Berufsgruppen, f\u00fcr die praxisnahe und fundierte Basiskenntnisse medizinischer Zusammenh\u00e4nge f\u00fcr ihren beruflichen Alltag notwendig sind.<\/p>\n<p>Sie haben Interesse und sind sich nicht sicher, ob dies das richtige Seminar f\u00fcr Sie ist? Kontaktieren sie uns einfach \u00fcber unser <a href=\"https:\/\/fortbildung.dasgesundheitswesen.de\/kontakt\/\">Kontaktformular<\/a> und wir beraten Sie gern!<\/p>\n<p>\t\t\t\t\t\t\t\t\t\t\t\t\t\t\t<img fetchpriority=\"high\" decoding=\"async\" width=\"552\" height=\"552\" src=\"https:\/\/dasgesundheitswesen.de\/2025\/wp-content\/uploads\/2025\/08\/Katrin-Franz.webp\" alt=\"\" srcset=\"https:\/\/dasgesundheitswesen.de\/2025\/wp-content\/uploads\/2025\/08\/Katrin-Franz.webp 552w, https:\/\/dasgesundheitswesen.de\/2025\/wp-content\/uploads\/2025\/08\/Katrin-Franz-300x300.webp 300w, https:\/\/dasgesundheitswesen.de\/2025\/wp-content\/uploads\/2025\/08\/Katrin-Franz-150x150.webp 150w, https:\/\/dasgesundheitswesen.de\/2025\/wp-content\/uploads\/2025\/08\/Katrin-Franz-370x370.webp 370w, https:\/\/dasgesundheitswesen.de\/2025\/wp-content\/uploads\/2025\/08\/Katrin-Franz-90x90.webp 90w, https:\/\/dasgesundheitswesen.de\/2025\/wp-content\/uploads\/2025\/08\/Katrin-Franz-410x410.webp 410w, https:\/\/dasgesundheitswesen.de\/2025\/wp-content\/uploads\/2025\/08\/Katrin-Franz-100x100.webp 100w\" sizes=\"(max-width: 767px) 100vw, 552px\" \/><br \/>\n\t\t<strong>Dr. med. Katrin Franz<\/strong><br \/>\u00c4rztin und examinierte Kinderkrankenschwester<br \/>Langj\u00e4hrige Dozentin f\u00fcr Seminare im Gesundheitswesen mit den Schwerpunkten Grundlagen der Medizin, Gesundheitswirtschaft, Gesundheitspolitik, Strukturen des deutschen Gesundheitswesens\t\t<\/p>\n<h6>Sparangebot<\/h6>\n<h3>Buchen und sparen<\/h3>\n<p>Buchen Sie als ideale Erg\u00e4nzung zur Kodierfachkraft-Weiterbildung auch unsere Grundlagenschulung \u201eGrundwissen Medizin: kompakt, verst\u00e4ndlich, praxisnah | 3-t\u00e4giger Kompaktkurs\u201c \u00a0f\u00fcr alle Besch\u00e4ftigten im Gesundheitswesen ohne medizinische Vorkenntnisse und sparen Sie 15% auf den Nettobetrag beider Kurse*.<\/p>\n<p><em>*(der Rabatt wird nach der Buchung auf der Rechnung abgezogen)<\/em><\/p>\n<p>\t\t\t\t\t<a role=\"button\"><br \/>\n\t\t\t\t\t\t\t\t\tmehr \u00fcber den Kurs erfahren<br \/>\n\t\t\t\t\t<\/a><\/p>\n<form\n\t\tid=\"tribe-tickets__tickets-form\"\n\t\taction=\"https:\/\/dasgesundheitswesen.de\/2025\/kursauswahl\/\"\n\t\tclass=\"tribe-tickets__tickets-form tribe-tickets__form\"\n\t\tmethod=\"post\"\n\t\tenctype='multipart\/form-data'\n\t\tdata-provider=\"Tribe__Tickets_Plus__Commerce__WooCommerce__Main\"\n\t\tautocomplete=\"off\"\n\t\tdata-provider-id=\"woo\"\n\t\tdata-post-id=\"11080\"\n\t\tnovalidate\n\t><br \/>\n\t\t<input type=\"hidden\" name=\"tribe_tickets_saving_attendees\" value=\"1\"\/><br \/>\n\t\t<input type=\"hidden\" name=\"tribe_tickets_ar\" value=\"1\"\/><br \/>\n\t\t<input type=\"hidden\" name=\"tribe_tickets_ar_data\" value=\"\" id=\"tribe_tickets_block_ar_data\"\/><br \/>\n\t\t<input\n\ttype=\"hidden\"\n\tid=\"wootickets_process\"\n\tname=\"wootickets_process\"\n\tvalue=\"1\"\n\/><br \/>\n<input name=\"provider\" value=\"Tribe__Tickets_Plus__Commerce__WooCommerce__Main\" type=\"hidden\"><\/p>\n<h2>\n\tBuchung<\/h2>\n<p>\t\tDie unten stehende Nummer beinhaltet Tickets f\u00fcr diese Veranstaltung aus dem Warenkorb. Durch einen Klick auf &#8220;Tickets kaufen&#8221; k\u00f6nnen vorhandene Teilnehmerinformationen bearbeitet sowie die Ticketsanzahl ver\u00e4ndert werden.<br \/>\n\t\t\t\tTeilnahme Grundwissen Medizin: kompakt, verst\u00e4ndlich, praxisnah | 3-Tage Intensivkurs<br \/>\n\t\t\t\t\t\t599,00<br \/>\n\t\t\t\t\t\t&euro;<br \/>\n\tUnbegrenzt<br \/>\n\t\t\t<button\n\tclass=\"tribe-tickets__tickets-item-quantity-remove\"\n\ttitle=\"Verringern der Ticketanzahl f\u00fcr Teilnahme Grundwissen Medizin: kompakt, verst\u00e4ndlich, praxisnah | 3-Tage Intensivkurs\"\n\ttype=\"button\"\n><br \/>\n\tVerringern der Ticketanzahl f\u00fcr Teilnahme Grundwissen Medizin: kompakt, verst\u00e4ndlich, praxisnah | 3-Tage Intensivkurs<br \/>\n\t&#8211;<\/button><br \/>\n\t<label\n\t\tclass=\"tribe-common-a11y-visual-hide\"\n\t\tfor=\"tribe-tickets__tickets-item-quantity-number--11089\"\n\t><br \/>\n\t\tAnzahl\t<\/label><br \/>\n\t<input\n\t\tid=\"tribe-tickets__tickets-item-quantity-number--11089\"\n\t\ttype=\"number\"\n\t\tclass=\"tribe-common-h3 tribe-common-h4--min-medium tribe-tickets__tickets-item-quantity-number-input\"\n\t\tstep=\"1\"\n\t\tmin=\"0\"\n\t\tmax=\"100\"\n\t\tvalue=\"0\"\n\t\tautocomplete=\"off\"\n\t\t\t\/><br \/>\n\t\t<button\n\tclass=\"tribe-tickets__tickets-item-quantity-add\"\n\ttitle=\"Erh\u00f6he die Ticketsanzahl f\u00fcr Teilnahme Grundwissen Medizin: kompakt, verst\u00e4ndlich, praxisnah | 3-Tage Intensivkurs\"\n\ttype=\"button\"\n><br \/>\n\tErh\u00f6he die Ticketsanzahl f\u00fcr Teilnahme Grundwissen Medizin: kompakt, verst\u00e4ndlich, praxisnah | 3-Tage Intensivkurs<br \/>\n\t+<\/button><br \/>\n\t\t<input\n\t\tname=\"attendee[optout]\"\n\t\tvalue=\"1\"\n\t\ttype=\"hidden\"\n\t\/><br \/>\n\t\tAnzahl<br \/>\n\t0<br \/>\n\t\tSumme:<br \/>\n\t\t\t\t\t\t0,00<br \/>\n\t\t\t\t\t\t&euro;<br \/>\n\t<button\n\t \tid=\"tribe-tickets__tickets-buy\"\n\ttype=\"submit\"\n\tname=\"cart-button\"\n\tdisabled aria-disabled=\"true\"><br \/>\n\tJetzt buchen<\/button><br \/>\n\t<svg\n\t \taria-hidden=\"true\"\n\tviewBox=\"0 0 15 15\"\n\txmlns=\"http:\/\/www.w3.org\/2000\/svg\"\n>\n\t<circle cx=\"7.5\" cy=\"7.5\" r=\"7.5\"\/>\n<\/svg><br \/>\n\t<svg\n\t \taria-hidden=\"true\"\n\tviewBox=\"0 0 15 15\"\n\txmlns=\"http:\/\/www.w3.org\/2000\/svg\"\n>\n\t<circle cx=\"7.5\" cy=\"7.5\" r=\"7.5\"\/>\n<\/svg><br \/>\n\t<svg\n\t \taria-hidden=\"true\"\n\tviewBox=\"0 0 15 15\"\n\txmlns=\"http:\/\/www.w3.org\/2000\/svg\"\n>\n\t<circle cx=\"7.5\" cy=\"7.5\" r=\"7.5\"\/>\n<\/svg><br \/>\n\t\t\t<\/form>","excerpt":"","slug":"grundwissen-m-medizin-kompakt-verstaendlich-praxisna-3tage-intensivkurs","image":{"url":"https:\/\/dasgesundheitswesen.de\/2025\/wp-content\/uploads\/2025\/08\/icon_inneremedizin.png","id":9825,"extension":"png","width":107,"height":87,"filesize":3517,"sizes":{"boxoffice-thumb-tiny":{"width":90,"height":87,"mime-type":"image\/png","filesize":1930,"url":"https:\/\/dasgesundheitswesen.de\/2025\/wp-content\/uploads\/2025\/08\/icon_inneremedizin-90x87.png"},"woocommerce_gallery_thumbnail":{"width":100,"height":87,"mime-type":"image\/png","filesize":1936,"url":"https:\/\/dasgesundheitswesen.de\/2025\/wp-content\/uploads\/2025\/08\/icon_inneremedizin-100x87.png"}}},"all_day":false,"start_date":"2025-10-28 09:00:00","start_date_details":{"year":"2025","month":"10","day":"28","hour":"09","minutes":"00","seconds":"00"},"end_date":"2025-10-30 12:30:00","end_date_details":{"year":"2025","month":"10","day":"30","hour":"12","minutes":"30","seconds":"00"},"utc_start_date":"2025-10-28 08:00:00","utc_start_date_details":{"year":"2025","month":"10","day":"28","hour":"08","minutes":"00","seconds":"00"},"utc_end_date":"2025-10-30 11:30:00","utc_end_date_details":{"year":"2025","month":"10","day":"30","hour":"11","minutes":"30","seconds":"00"},"timezone":"Europe\/Berlin","timezone_abbr":"CET","cost":"599,00&euro;","cost_details":{"currency_symbol":"","currency_code":"","currency_position":"","values":["599"]},"website":"","show_map":false,"show_map_link":false,"hide_from_listings":false,"sticky":false,"featured":false,"categories":[{"name":"Allgemein","slug":"allgemein","term_group":0,"term_taxonomy_id":121,"taxonomy":"tribe_events_cat","description":"","parent":0,"count":6,"filter":"raw","id":121,"urls":{"self":"https:\/\/dasgesundheitswesen.de\/2025\/wp-json\/tribe\/events\/v1\/categories\/121","collection":"https:\/\/dasgesundheitswesen.de\/2025\/wp-json\/tribe\/events\/v1\/categories"}}],"tags":[],"venue":{"id":8810,"author":"1","status":"publish","date":"2025-08-01 16:45:45","date_utc":"2025-08-01 14:45:45","modified":"2025-08-01 16:45:45","modified_utc":"2025-08-01 14:45:45","url":"https:\/\/dasgesundheitswesen.de\/2025\/veranstaltungsort\/online-seminar\/","venue":"Online-Seminar","slug":"online-seminar","json_ld":{"@type":"Place","name":"Online-Seminar","description":"","url":"","address":{"@type":"PostalAddress"},"telephone":"","sameAs":""},"show_map":false,"show_map_link":false,"global_id":"dasgesundheitswesen.de\/2025?id=8810","global_id_lineage":["dasgesundheitswesen.de\/2025?id=8810"]},"organizer":[{"id":3512,"author":"1","status":"publish","date":"2025-05-12 04:20:55","date_utc":"2025-05-12 11:20:55","modified":"2025-08-01 19:06:53","modified_utc":"2025-08-01 17:06:53","url":"https:\/\/dasgesundheitswesen.de\/2025\/veranstalter\/boxoffice\/","organizer":"Franz + Wenke","slug":"boxoffice","phone":"+18408412569","website":"https:\/\/example.organizer.com","email":"example@organizer.com","json_ld":{"@type":"Person","name":"Franz + Wenke","description":"","url":"https:\/\/example.organizer.com","telephone":"+18408412569","email":"&#101;xamp&#108;e&#64;or&#103;a&#110;&#105;&#122;e&#114;.&#99;o&#109;","sameAs":"https:\/\/example.organizer.com"},"global_id":"dasgesundheitswesen.de\/2025?id=3512","global_id_lineage":["dasgesundheitswesen.de\/2025?id=3512"]}],"custom_fields":[],"json_ld":{"@context":"http:\/\/schema.org","@type":"Event","name":"Grundwissen Medizin: kompakt, verst\u00e4ndlich, praxisnah | 3-Tage Intensivkurs","description":"&lt;p&gt;\u00ab Zur\u00fcck zur Kurs\u00fcbersicht Grundwissen Medizin: kompakt, verst\u00e4ndlich, praxisnah | 3-Tage Intensivkurs Datum und Uhrzeit: 28. Oktober 2025 - 9:00 Uhr &nbsp;bis&nbsp; 30. Oktober 2025 - 12:30 Uhr Teilnahmegeb\u00fchr: 599,00 \u20acPreis zzgl. MwSt. Veranstaltungsort: Online Was erwartet Sie? Alles, was&hellip;&lt;\/p&gt;\\n","image":"https:\/\/dasgesundheitswesen.de\/2025\/wp-content\/uploads\/2025\/08\/icon_inneremedizin.png","url":"https:\/\/dasgesundheitswesen.de\/2025\/seminare\/grundwissen-m-medizin-kompakt-verstaendlich-praxisna-3tage-intensivkurs\/","offers":[{"@type":"Offer","url":"https:\/\/dasgesundheitswesen.de\/2025\/seminare\/grundwissen-m-medizin-kompakt-verstaendlich-praxisna-3tage-intensivkurs\/","price":599,"category":"primary","availability":"InStock","priceCurrency":"EUR","validFrom":"2025-09-01T00:00:00+00:00","validThrough":"2025-10-28T00:00:00+00:00"}],"eventAttendanceMode":"https:\/\/schema.org\/OfflineEventAttendanceMode","eventStatus":"https:\/\/schema.org\/EventScheduled","startDate":"2025-10-28T09:00:00+01:00","endDate":"2025-10-30T12:30:00+01:00","location":{"@type":"Place","name":"Online-Seminar","description":"","url":"","address":{"@type":"PostalAddress"},"telephone":"","sameAs":""},"organizer":{"@type":"Person","name":"Franz + Wenke","description":"","url":"https:\/\/example.organizer.com","telephone":"+18408412569","email":"&#101;&#120;&#97;&#109;p&#108;&#101;&#64;&#111;rg&#97;&#110;i&#122;&#101;&#114;&#46;&#99;&#111;&#109;","sameAs":"https:\/\/example.organizer.com"},"performer":"Organization"},"ticketed":["woo"]}