{"id":12159,"global_id":"dasgesundheitswesen.de\/2025?id=12159","global_id_lineage":["dasgesundheitswesen.de\/2025?id=12159"],"author":"1","status":"publish","date":"2026-02-10 12:07:24","date_utc":"2026-02-10 11:07:24","modified":"2026-02-10 13:07:57","modified_utc":"2026-02-10 12:07:57","url":"https:\/\/dasgesundheitswesen.de\/2025\/seminare\/fachspezifische-kodierung-unfallchirurgie-endoprothetik-und-chirurgie-der-wirbelsaeule-neues-konzept\/","rest_url":"https:\/\/dasgesundheitswesen.de\/2025\/wp-json\/tribe\/events\/v1\/events\/12159","title":"Fachspezifische Kodierung Unfallchirurgie, Endoprothetik und Chirurgie der Wirbels\u00e4ule (Neues Konzept)","description":"<p>\u00ab Zur\u00fcck zur Kurs\u00fcbersicht<\/p>\n<h2>Fachspezifische Kodierung Unfallchirurgie, Endoprothetik und Chirurgie der Wirbels\u00e4ule (Neues Konzept)<\/h2>\n<h6>Datum und Uhrzeit:<\/h6>\n<p>11. Februar 2026<br \/>\n&#8211;<br \/>\n9:00 Uhr<br \/>\nbis<br \/>\n12:30 Uhr<\/p>\n<h6>Teilnahmegeb\u00fchr:<\/h6>\n<p>299,00 \u20ac<\/p>\n<p>Preis zzgl. MwSt.<\/p>\n<h6>Veranstaltungsort:<\/h6>\n<p>Online<\/p>\n<h4>Was erwartet Sie?<\/h4>\n<h6>Alles, was Sie wissen m\u00fcssen, auf einen Blick<\/h6>\n<details id=\"e-n-accordion-item-9790\" open=\"\">\n<summary tabindex=\"0\" data-accordion-index=\"1\" aria-expanded=\"true\" aria-controls=\"e-n-accordion-item-9790\">Allgemeines<\/summary>\n<p>Auf vielfachen Wunsch vieler Teilnehmender haben wir ein neues Seminarkonzept entwickelt und fassen die Themen Unfallchirurgie, Endoprothetik und Chirurgie der Wirbels\u00e4ule in einem zeitlich erweiterten Seminartermin zusammen.<\/p>\n<p>Dieses Seminar wird als praxisorientierte Schulung von Spezialisten in der Kodierung dieser Themengebiete durchgef\u00fchrt.<\/p>\n<p>Individuelle Fragestellungen und Problemf\u00e4lle k\u00f6nnen im Vorfeld der Veranstaltung unter seminare@dasgesundheitswesen.de an die Referenten gesandt werden. Es wird dann w\u00e4hrend des Seminars auf die Fragen eingegangen.<\/p>\n<p>Die Durchf\u00fchrung erfolgt \u00fcber die Videoplattform Microsoft Teams.<\/p>\n<p>Die Zugangsdaten zur Veranstaltung werden zusammen mit einem Download-Link zu den Seminarunterlagen (Powerpoint-Folien im PDF-Format) einen Werktag vor dem Durchf\u00fchrungstermin versandt.<\/p>\n<\/details>\n<details id=\"e-n-accordion-item-9791\">\n<summary tabindex=\"-1\" data-accordion-index=\"2\" aria-expanded=\"false\" aria-controls=\"e-n-accordion-item-9791\">Schwerpunkte<\/summary>\n<p>Das Webseminar \u201eUnfallchirurgie, Endoprothetik und Chirurgie der Wirbels\u00e4ule\u201c ist ein Online-Seminar zur Vermittlung von Grundlagen- und Expertenwissen in diesen Fachgebieten<\/p>\n<p><strong>Die Seminarschwerpunkte sind:<\/strong><\/p>\n<ul>\n<li>Grundlagen der klinischen Unfallchirurgie, Orthop\u00e4die (Schwerpunkt Endoprothetik) und der Chirurgie der Wirbels\u00e4ule<\/li>\n<li>Kodierung typischer Diagnosen und ihre Bedeutung f\u00fcr die DRG-Gruppierung (Haupt- und Nebendiagnosen)<\/li>\n<li>Korrekte OPS-Kodierung von operativen Eingriffen in den Fachgebieten, wie z. B. Frakturen, Pseudarthrosen, Arthroskopien, Endoprothesen an unterschiedlichen Gelenken, modularen Prothesen, patientenindividuellen Implantaten, Eingriffe an der Wirbels\u00e4ule inklusive Osteosynthesen und Spondylodesen<\/li>\n<li>Aktuelle Entwicklungen bei Hybrid-DRGs und bei ambulanten Operationen im Krankenhaus (AOP)<\/li>\n<li>Vorstellung relevanter allgemeiner und spezieller Kodierrichtlinien, Kodierempfehlungen von Fachgesellschaften und vom Medizinischen Dienst sowie aktueller Entscheidungen des Schlichtungsausschusses<\/li>\n<li>Anforderungen an die \u00e4rztliche Dokumentation in der Patientenakte als Schl\u00fcssel zur erfolgreichen Umsetzung der Kodierung<\/li>\n<li>Die Bedeutung von Zusatzentgelten und Neuen Untersuchungs- und Behandlungsverfahren<\/li>\n<li>Aktuelle Rechtsprechung insbesondere des Bundessozialgerichtes mit Bezug zum Fachgebiet<\/li>\n<\/ul>\n<p>W\u00e4hrend des Seminars besteht ausreichend Zeit zur Beantwortung von Fragen der Teilnehmenden und zur gemeinsamen Diskussion.<\/p>\n<\/details>\n<details id=\"e-n-accordion-item-9792\">\n<summary tabindex=\"-1\" data-accordion-index=\"3\" aria-expanded=\"false\" aria-controls=\"e-n-accordion-item-9792\">Zielsetzung<\/summary>\n<p>Das Seminar richtet sich sowohl an Neueinsteiger als auch Erfahrene. Dabei werden Grundkenntnisse der Kodierung vorausgesetzt. Ein Schwerpunkt liegt auch auf der Diskussion mit den Teilnehmenden. Das Webseminar bietet hierzu den entsprechenden Rahmen, um sowohl von den Erfahrungen der Referenten als auch der der \u00fcbrigen Teilnehmenden zu profitieren.<\/p>\n<p>Die Teilnehmenden erlangen Sicherheit in der DRG-Dokumentation und der Kodierung von h\u00e4ufigen und komplexen Fallkonstellationen in den Fachgebieten. Dabei wird auch auf Grauzonen der Kodierung und die teilweise unterschiedliche Interpretation der Kodierrichtlinien zwischen Krankenh\u00e4usern und den Medizinischen Diensten eingegangen.<\/p>\n<\/details>\n<details id=\"e-n-accordion-item-9793\">\n<summary tabindex=\"-1\" data-accordion-index=\"4\" aria-expanded=\"false\" aria-controls=\"e-n-accordion-item-9793\">Zielgruppen<\/summary>\n<p>Das Seminar richtet sich neben Mitarbeitenden station\u00e4rer Leistungserbringer und Kostentr\u00e4gern, welche mit der Kodierung bzw. Beurteilung von Fallkonstellationen aus dem Fachgebiet befasst sind, auch an Mitarbeitende der medizintechnischen Industrie welche ihre Kenntnisse \u00fcber Grundlagen der Leistungsabrechnung und \u2011kodierung erweitern wollen.<\/p>\n<p>Insbesondere werden auch \u00c4rzte und \u00c4rztinnen angesprochen, welche zur Optimierung einer sachgerechten prim\u00e4ren Dokumentation \u00fcber Kenntnisse der nachfolgenden Kodierung und Abrechnung verf\u00fcgen sollten. Hier liegt ein Hauptfokus auch auf den DRG-Beauftragten der Kliniken.<\/p>\n<p>Sie haben Interesse und sind sich nicht sicher, ob dies das richtige Webseminar f\u00fcr Sie ist? Kontaktieren sie uns einfach \u00fcber unser Kontaktformular und wir beraten Sie gern!<\/p>\n<\/details>\n<details id=\"e-n-accordion-item-9794\">\n<summary tabindex=\"-1\" data-accordion-index=\"5\" aria-expanded=\"false\" aria-controls=\"e-n-accordion-item-9794\">Referenten<\/summary>\n<p><img fetchpriority=\"high\" decoding=\"async\" src=\"https:\/\/dasgesundheitswesen.de\/2025\/wp-content\/uploads\/2025\/08\/franz.webp\" sizes=\"(max-width: 820px) 100vw, 820px\" srcset=\"https:\/\/dasgesundheitswesen.de\/2025\/wp-content\/uploads\/2025\/08\/franz.webp 820w, https:\/\/dasgesundheitswesen.de\/2025\/wp-content\/uploads\/2025\/08\/franz-300x300.webp 300w, https:\/\/dasgesundheitswesen.de\/2025\/wp-content\/uploads\/2025\/08\/franz-150x150.webp 150w, https:\/\/dasgesundheitswesen.de\/2025\/wp-content\/uploads\/2025\/08\/franz-768x768.webp 768w, https:\/\/dasgesundheitswesen.de\/2025\/wp-content\/uploads\/2025\/08\/franz-370x370.webp 370w, https:\/\/dasgesundheitswesen.de\/2025\/wp-content\/uploads\/2025\/08\/franz-90x90.webp 90w, https:\/\/dasgesundheitswesen.de\/2025\/wp-content\/uploads\/2025\/08\/franz-410x410.webp 410w, https:\/\/dasgesundheitswesen.de\/2025\/wp-content\/uploads\/2025\/08\/franz-600x600.webp 600w, https:\/\/dasgesundheitswesen.de\/2025\/wp-content\/uploads\/2025\/08\/franz-100x100.webp 100w\" alt=\"\" width=\"820\" height=\"820\" \/><br \/>\n<strong>Prof. Dr. med. Dominik Franz<\/strong><br \/>\nGesch\u00e4ftsf\u00fchrer der Franz und Wenke GmbH<br \/>\nMitglied des Arbeitskreises DRG und Gesundheits\u00f6konomie der Deutschen Gesellschaft f\u00fcr H\u00e4matologie und Onkologie<br \/>\nMitautor des \u201eKodierleitfadens H\u00e4matologie, Onkologie und Stammzelltransplantation\u201c herausgegeben von der Dutschen Gesellschaft f\u00fcr H\u00e4matologie und Onkologie<br \/>\nMitglied DRG-Research-Group<\/p>\n<\/details>\n<p>Auf vielfachen Wunsch vieler Teilnehmender haben wir ein neues Seminarkonzept entwickelt und fassen die Themen Unfallchirurgie, Endoprothetik und Chirurgie der Wirbels\u00e4ule in einem zeitlich erweiterten Seminartermin zusammen.<\/p>\n<p>Dieses Seminar wird als praxisorientierte Schulung von Spezialisten in der Kodierung dieser Themengebiete durchgef\u00fchrt.<\/p>\n<p>Individuelle Fragestellungen und Problemf\u00e4lle k\u00f6nnen im Vorfeld der Veranstaltung unter seminare@dasgesundheitswesen.de an die Referenten gesandt werden. Es wird dann w\u00e4hrend des Seminars auf die Fragen eingegangen.<\/p>\n<p>Die Durchf\u00fchrung erfolgt \u00fcber die Videoplattform Microsoft Teams.<\/p>\n<p>Die Zugangsdaten zur Veranstaltung werden zusammen mit einem Download-Link zu den Seminarunterlagen (Powerpoint-Folien im PDF-Format) einen Werktag vor dem Durchf\u00fchrungstermin versandt.<\/p>\n<p>Das Webseminar \u201eUnfallchirurgie, Endoprothetik und Chirurgie der Wirbels\u00e4ule\u201c ist ein Online-Seminar zur Vermittlung von Grundlagen- und Expertenwissen in diesen Fachgebieten<\/p>\n<p><strong>Die Seminarschwerpunkte sind:<\/strong><\/p>\n<ul>\n<li>Grundlagen der klinischen Unfallchirurgie, Orthop\u00e4die (Schwerpunkt Endoprothetik) und der Chirurgie der Wirbels\u00e4ule<\/li>\n<li>Kodierung typischer Diagnosen und ihre Bedeutung f\u00fcr die DRG-Gruppierung (Haupt- und Nebendiagnosen)<\/li>\n<li>Korrekte OPS-Kodierung von operativen Eingriffen in den Fachgebieten, wie z. B. Frakturen, Pseudarthrosen, Arthroskopien, Endoprothesen an unterschiedlichen Gelenken, modularen Prothesen, patientenindividuellen Implantaten, Eingriffe an der Wirbels\u00e4ule inklusive Osteosynthesen und Spondylodesen<\/li>\n<li>Aktuelle Entwicklungen bei Hybrid-DRGs und bei ambulanten Operationen im Krankenhaus (AOP)<\/li>\n<li>Vorstellung relevanter allgemeiner und spezieller Kodierrichtlinien, Kodierempfehlungen von Fachgesellschaften und vom Medizinischen Dienst sowie aktueller Entscheidungen des Schlichtungsausschusses<\/li>\n<li>Anforderungen an die \u00e4rztliche Dokumentation in der Patientenakte als Schl\u00fcssel zur erfolgreichen Umsetzung der Kodierung<\/li>\n<li>Die Bedeutung von Zusatzentgelten und Neuen Untersuchungs- und Behandlungsverfahren<\/li>\n<li>Aktuelle Rechtsprechung insbesondere des Bundessozialgerichtes mit Bezug zum Fachgebiet<\/li>\n<\/ul>\n<p>W\u00e4hrend des Seminars besteht ausreichend Zeit zur Beantwortung von Fragen der Teilnehmenden und zur gemeinsamen Diskussion.<\/p>\n<p>Das Seminar richtet sich sowohl an Neueinsteiger als auch Erfahrene. Dabei werden Grundkenntnisse der Kodierung vorausgesetzt. Ein Schwerpunkt liegt auch auf der Diskussion mit den Teilnehmenden. Das Webseminar bietet hierzu den entsprechenden Rahmen, um sowohl von den Erfahrungen der Referenten als auch der der \u00fcbrigen Teilnehmenden zu profitieren.<\/p>\n<p>Die Teilnehmenden erlangen Sicherheit in der DRG-Dokumentation und der Kodierung von h\u00e4ufigen und komplexen Fallkonstellationen in den Fachgebieten. Dabei wird auch auf Grauzonen der Kodierung und die teilweise unterschiedliche Interpretation der Kodierrichtlinien zwischen Krankenh\u00e4usern und den Medizinischen Diensten eingegangen.<\/p>\n<p>Das Seminar richtet sich neben Mitarbeitenden station\u00e4rer Leistungserbringer und Kostentr\u00e4gern, welche mit der Kodierung bzw. Beurteilung von Fallkonstellationen aus dem Fachgebiet befasst sind, auch an Mitarbeitende der medizintechnischen Industrie welche ihre Kenntnisse \u00fcber Grundlagen der Leistungsabrechnung und \u2011kodierung erweitern wollen.<\/p>\n<p>Insbesondere werden auch \u00c4rzte und \u00c4rztinnen angesprochen, welche zur Optimierung einer sachgerechten prim\u00e4ren Dokumentation \u00fcber Kenntnisse der nachfolgenden Kodierung und Abrechnung verf\u00fcgen sollten. Hier liegt ein Hauptfokus auch auf den DRG-Beauftragten der Kliniken.<\/p>\n<p>Sie haben Interesse und sind sich nicht sicher, ob dies das richtige Webseminar f\u00fcr Sie ist? Kontaktieren sie uns einfach \u00fcber unser Kontaktformular und wir beraten Sie gern!<\/p>\n<p><img fetchpriority=\"high\" decoding=\"async\" src=\"https:\/\/dasgesundheitswesen.de\/2025\/wp-content\/uploads\/2025\/08\/franz.webp\" sizes=\"(max-width: 820px) 100vw, 820px\" srcset=\"https:\/\/dasgesundheitswesen.de\/2025\/wp-content\/uploads\/2025\/08\/franz.webp 820w, https:\/\/dasgesundheitswesen.de\/2025\/wp-content\/uploads\/2025\/08\/franz-300x300.webp 300w, https:\/\/dasgesundheitswesen.de\/2025\/wp-content\/uploads\/2025\/08\/franz-150x150.webp 150w, https:\/\/dasgesundheitswesen.de\/2025\/wp-content\/uploads\/2025\/08\/franz-768x768.webp 768w, https:\/\/dasgesundheitswesen.de\/2025\/wp-content\/uploads\/2025\/08\/franz-370x370.webp 370w, https:\/\/dasgesundheitswesen.de\/2025\/wp-content\/uploads\/2025\/08\/franz-90x90.webp 90w, https:\/\/dasgesundheitswesen.de\/2025\/wp-content\/uploads\/2025\/08\/franz-410x410.webp 410w, https:\/\/dasgesundheitswesen.de\/2025\/wp-content\/uploads\/2025\/08\/franz-600x600.webp 600w, https:\/\/dasgesundheitswesen.de\/2025\/wp-content\/uploads\/2025\/08\/franz-100x100.webp 100w\" alt=\"\" width=\"820\" height=\"820\" \/><br \/>\n<strong>Prof. Dr. med. Dominik Franz<\/strong><br \/>\nGesch\u00e4ftsf\u00fchrer der Franz und Wenke GmbH<br \/>\nMitglied des Arbeitskreises DRG und Gesundheits\u00f6konomie der Deutschen Gesellschaft f\u00fcr H\u00e4matologie und Onkologie<br \/>\nMitautor des \u201eKodierleitfadens H\u00e4matologie, Onkologie und Stammzelltransplantation\u201c herausgegeben von der Dutschen Gesellschaft f\u00fcr H\u00e4matologie und Onkologie<br \/>\nMitglied DRG-Research-Group<\/p>\n<h6>Alle Fortbildungen<\/h6>\n<h3>Auch als Inhouse Schulung<\/h3>\n<p>Wir bieten diese Fortbildung sowie ALLE anderen unserer Schulungen selbstverst\u00e4ndlich auch als individuell zugeschnittene Inhouse-Veranstaltungen an \u2013 Pr\u00e4senz &amp; online. Dabei gehen wir auf Wunsch auf Ihre speziellen Fachgebiete und Fragestellungen ein und identifizieren Problemfelder sowie Optimierungspotenziale gerne auch anhand Ihrer \u00a721-Daten.<\/p>\n<p>Interesse? Dann sprechen Sie uns einfach an und wir erarbeiten mit Ihnen ein individuelles Schulungskonzept abgestimmt auf Ihre Anspr\u00fcche und Ihren Klinikalltag!<\/p>\n<p><a href=\"https:\/\/dasgesundheitswesen.de\/2025\/kontakt\"><br \/>\nKontakt aufnehmen<br \/>\n<\/a><\/p>\n<form id=\"tribe-tickets__tickets-form\" class=\"tribe-tickets__tickets-form tribe-tickets__form\" action=\"https:\/\/dasgesundheitswesen.de\/2025\/kursauswahl\/\" autocomplete=\"off\" enctype=\"multipart\/form-data\" method=\"post\" novalidate=\"\" data-provider=\"Tribe__Tickets_Plus__Commerce__WooCommerce__Main\" data-provider-id=\"woo\" data-post-id=\"11378\"><input name=\"tribe_tickets_saving_attendees\" type=\"hidden\" value=\"1\" \/><br \/>\n<input name=\"tribe_tickets_ar\" type=\"hidden\" value=\"1\" \/><br \/>\n<input id=\"tribe_tickets_block_ar_data\" name=\"tribe_tickets_ar_data\" type=\"hidden\" value=\"\" \/><br \/>\n<input id=\"wootickets_process\" name=\"wootickets_process\" type=\"hidden\" value=\"1\" \/><br \/>\n<input name=\"provider\" type=\"hidden\" value=\"Tribe__Tickets_Plus__Commerce__WooCommerce__Main\" \/><\/p>\n<h2>Buchung<\/h2>\n<p>Die unten stehende Nummer beinhaltet Tickets f\u00fcr diese Veranstaltung aus dem Warenkorb. Durch einen Klick auf &#8220;Tickets kaufen&#8221; k\u00f6nnen vorhandene Teilnehmerinformationen bearbeitet sowie die Ticketsanzahl ver\u00e4ndert werden.<br \/>\nTeilnahme Fachspezifische Kodierung Unfallchirurgie, Endoprothetik und Chirurgie der Wirbels\u00e4ule (Neues Konzept)<br \/>\n299,00<br \/>\n\u20ac<br \/>\nUnbegrenzt<br \/>\n<button class=\"tribe-tickets__tickets-item-quantity-remove\" title=\"Verringern der Ticketanzahl f\u00fcr Teilnahme Fachspezifische Kodierung Unfallchirurgie, Endoprothetik und Chirurgie der Wirbels\u00e4ule (Neues Konzept)\" type=\"button\"><br \/>\nVerringern der Ticketanzahl f\u00fcr Teilnahme Fachspezifische Kodierung Unfallchirurgie, Endoprothetik und Chirurgie der Wirbels\u00e4ule (Neues Konzept)<br \/>\n&#8211;<\/button><br \/>\n<label class=\"tribe-common-a11y-visual-hide\" for=\"tribe-tickets__tickets-item-quantity-number--11379\"><br \/>\nAnzahl <\/label><br \/>\n<input id=\"tribe-tickets__tickets-item-quantity-number--11379\" class=\"tribe-common-h3 tribe-common-h4--min-medium tribe-tickets__tickets-item-quantity-number-input\" autocomplete=\"off\" max=\"100\" min=\"0\" step=\"1\" type=\"number\" value=\"0\" \/><br \/>\n<button class=\"tribe-tickets__tickets-item-quantity-add\" title=\"Erh\u00f6he die Ticketsanzahl f\u00fcr Teilnahme Fachspezifische Kodierung Unfallchirurgie, Endoprothetik und Chirurgie der Wirbels\u00e4ule (Neues Konzept)\" type=\"button\"><br \/>\nErh\u00f6he die Ticketsanzahl f\u00fcr Teilnahme Fachspezifische Kodierung Unfallchirurgie, Endoprothetik und Chirurgie der Wirbels\u00e4ule (Neues Konzept)<br \/>\n+<\/button><br \/>\n<input name=\"attendee[optout]\" type=\"hidden\" value=\"1\" \/><br \/>\nAnzahl<br \/>\n0<br \/>\nSumme:<br \/>\n0,00<br \/>\n\u20ac<br \/>\n<button id=\"tribe-tickets__tickets-buy\" disabled=\"disabled\" name=\"cart-button\" type=\"submit\" aria-disabled=\"true\"><br \/>\nJetzt buchen<\/button><\/p>\n<\/form>","excerpt":"","slug":"fachspezifische-kodierung-unfallchirurgie-endoprothetik-und-chirurgie-der-wirbelsaeule-neues-konzept","image":{"url":"https:\/\/dasgesundheitswesen.de\/2025\/wp-content\/uploads\/2025\/08\/icon_orthopaedie_unfallchirurgie.png","id":9828,"extension":"png","width":107,"height":87,"filesize":3118,"sizes":{"boxoffice-thumb-tiny":{"width":90,"height":87,"mime-type":"image\/png","filesize":1603,"url":"https:\/\/dasgesundheitswesen.de\/2025\/wp-content\/uploads\/2025\/08\/icon_orthopaedie_unfallchirurgie-90x87.png"},"woocommerce_gallery_thumbnail":{"width":100,"height":87,"mime-type":"image\/png","filesize":1612,"url":"https:\/\/dasgesundheitswesen.de\/2025\/wp-content\/uploads\/2025\/08\/icon_orthopaedie_unfallchirurgie-100x87.png"}}},"all_day":false,"start_date":"2026-10-01 09:00:00","start_date_details":{"year":"2026","month":"10","day":"01","hour":"09","minutes":"00","seconds":"00"},"end_date":"2026-10-01 12:30:00","end_date_details":{"year":"2026","month":"10","day":"01","hour":"12","minutes":"30","seconds":"00"},"utc_start_date":"2026-10-01 07:00:00","utc_start_date_details":{"year":"2026","month":"10","day":"01","hour":"07","minutes":"00","seconds":"00"},"utc_end_date":"2026-10-01 10:30:00","utc_end_date_details":{"year":"2026","month":"10","day":"01","hour":"10","minutes":"30","seconds":"00"},"timezone":"Europe\/Berlin","timezone_abbr":"CEST","cost":"299,00&euro;","cost_details":{"currency_symbol":"","currency_code":"","currency_position":"","values":["299"]},"website":"","show_map":false,"show_map_link":false,"hide_from_listings":false,"sticky":false,"featured":false,"categories":[{"name":"Fachspezifische Kodierschulungen","slug":"fachspezifische-kodierschulungen","term_group":0,"term_taxonomy_id":103,"taxonomy":"tribe_events_cat","description":"","parent":0,"count":18,"filter":"raw","id":103,"urls":{"self":"https:\/\/dasgesundheitswesen.de\/2025\/wp-json\/tribe\/events\/v1\/categories\/103","collection":"https:\/\/dasgesundheitswesen.de\/2025\/wp-json\/tribe\/events\/v1\/categories"}}],"tags":[],"venue":{"id":8810,"author":"1","status":"publish","date":"2025-08-01 16:45:45","date_utc":"2025-08-01 14:45:45","modified":"2025-08-01 16:45:45","modified_utc":"2025-08-01 14:45:45","url":"https:\/\/dasgesundheitswesen.de\/2025\/veranstaltungsort\/online-seminar\/","venue":"Online-Seminar","slug":"online-seminar","json_ld":{"@type":"Place","name":"Online-Seminar","description":"","url":"","address":{"@type":"PostalAddress"},"telephone":"","sameAs":""},"show_map":false,"show_map_link":false,"global_id":"dasgesundheitswesen.de\/2025?id=8810","global_id_lineage":["dasgesundheitswesen.de\/2025?id=8810"]},"organizer":[{"id":3512,"author":"1","status":"publish","date":"2025-05-12 04:20:55","date_utc":"2025-05-12 11:20:55","modified":"2025-08-01 19:06:53","modified_utc":"2025-08-01 17:06:53","url":"https:\/\/dasgesundheitswesen.de\/2025\/veranstalter\/boxoffice\/","organizer":"Franz + Wenke","slug":"boxoffice","phone":"+18408412569","website":"https:\/\/example.organizer.com","email":"example@organizer.com","json_ld":{"@type":"Person","name":"Franz + Wenke","description":"","url":"https:\/\/example.organizer.com","telephone":"+18408412569","email":"ex&#97;&#109;&#112;l&#101;&#64;&#111;r&#103;anize&#114;.&#99;&#111;&#109;","sameAs":"https:\/\/example.organizer.com"},"global_id":"dasgesundheitswesen.de\/2025?id=3512","global_id_lineage":["dasgesundheitswesen.de\/2025?id=3512"]}],"custom_fields":[],"json_ld":{"@context":"http:\/\/schema.org","@type":"Event","name":"Fachspezifische Kodierung Unfallchirurgie, Endoprothetik und Chirurgie der Wirbels\u00e4ule (Neues Konzept)","description":"&lt;p&gt;\u00ab Zur\u00fcck zur Kurs\u00fcbersicht Fachspezifische Kodierung Unfallchirurgie, Endoprothetik und Chirurgie der Wirbels\u00e4ule (Neues Konzept) Datum und Uhrzeit: 11. Februar 2026 - 9:00 Uhr bis 12:30 Uhr Teilnahmegeb\u00fchr: 299,00 \u20ac Preis zzgl. MwSt. Veranstaltungsort: Online Was erwartet Sie? Alles, was Sie&hellip;&lt;\/p&gt;\\n","image":"https:\/\/dasgesundheitswesen.de\/2025\/wp-content\/uploads\/2025\/08\/icon_orthopaedie_unfallchirurgie.png","url":"https:\/\/dasgesundheitswesen.de\/2025\/seminare\/fachspezifische-kodierung-unfallchirurgie-endoprothetik-und-chirurgie-der-wirbelsaeule-neues-konzept\/","offers":[{"@type":"Offer","url":"https:\/\/dasgesundheitswesen.de\/2025\/seminare\/fachspezifische-kodierung-unfallchirurgie-endoprothetik-und-chirurgie-der-wirbelsaeule-neues-konzept\/","price":299,"category":"primary","availability":"InStock","priceCurrency":"EUR","validFrom":"2026-02-10T00:00:00+00:00","validThrough":"2026-10-01T00:00:00+00:00"}],"eventAttendanceMode":"https:\/\/schema.org\/OfflineEventAttendanceMode","eventStatus":"https:\/\/schema.org\/EventScheduled","startDate":"2026-10-01T09:00:00+02:00","endDate":"2026-10-01T12:30:00+02:00","location":{"@type":"Place","name":"Online-Seminar","description":"","url":"","address":{"@type":"PostalAddress"},"telephone":"","sameAs":""},"organizer":{"@type":"Person","name":"Franz + Wenke","description":"","url":"https:\/\/example.organizer.com","telephone":"+18408412569","email":"e&#120;am&#112;&#108;&#101;&#64;&#111;&#114;g&#97;&#110;izer.&#99;&#111;m","sameAs":"https:\/\/example.organizer.com"},"performer":"Organization"},"ticketed":["woo"]}